{"id":8453,"date":"2025-07-07T09:36:37","date_gmt":"2025-07-07T07:36:37","guid":{"rendered":"https:\/\/asetaga.com\/?p=8453"},"modified":"2025-08-27T13:21:34","modified_gmt":"2025-08-27T11:21:34","slug":"actividades-formativas-agosto","status":"publish","type":"post","link":"https:\/\/asetaga.com\/en\/2025\/07\/07\/actividades-formativas-agosto\/","title":{"rendered":"Ap\u00fantate a las actividades formativas de agosto"},"content":{"rendered":"<p>Como ya avanz\u00e1bamos en la entrada anterior, Asetaga est\u00e1 realizando dos <a href=\"https:\/\/asetaga.com\/en\/2025\/06\/30\/actividades-formativas-e-intercambio-de-conocimientos\/\"><mark style=\"background-color:rgba(0, 0, 0, 0)\" class=\"has-inline-color has-vivid-cyan-blue-color\">programas de formaci\u00f3n (Programas IIA y IIB<\/mark>)<\/a> y transmisi\u00f3n de conocimientos destinados a los profesionales de la industria agroalimentaria. Con estos programas queremos impulsar la innovaci\u00f3n y la sostenibilidad en el sector primario, adem\u00e1s de favorecer la colaboraci\u00f3n entre PYMES y otras entidades, y acelerar el desarrollo rural.<\/p>\n\n\n\n<p>Contaremos con la colaboraci\u00f3n de diferentes entidades para las ponencias de cada jornada y taller demostrativo. A continuaci\u00f3n te contamos las actividades formativas de cada programa que hemos organizado para este verano durante los meses de julio y agosto y toda la informaci\u00f3n relativa a las mismas.<\/p>\n\n\n\n<h2 class=\"wp-block-heading\">Jornadas de formaci\u00f3n del Programa IIA<\/h2>\n\n\n\n<p>Estas actividades formativas se realizar\u00e1n tanto de forma <strong>presencia<\/strong>l como <strong>online. <\/strong>Las sesiones presenciales abarcan tres ediciones por cada actividad, cada una en una localizaci\u00f3n diferente, mientras que las online tendr\u00e1n cinco ediciones. Puedes apuntarte a cada una de ellas con los <strong>formularios de inscripci\u00f3n<\/strong>:<\/p>\n\n\n\n<h3 class=\"wp-block-heading\"><em><strong>Propuesta y gesti\u00f3n de proyectos agroindustriales innovadores<\/strong><\/em><\/h3>\n\n\n\n<p>Los asistentes se formar\u00e1n en formulaci\u00f3n, gesti\u00f3n y ejecuci\u00f3n de <strong>proyectos industriales innovadores<\/strong>. Desde el dise\u00f1o y estructuraci\u00f3n de proyectos de innovaci\u00f3n agroindustrial, gesti\u00f3n eficiente de recursos, hasta la identificaci\u00f3n y acceso a fondos p\u00fablicos y privados, y casos de \u00e9xito. La formaci\u00f3n se realizar\u00e1 por parte de <mark style=\"background-color:rgba(0, 0, 0, 0)\" class=\"has-inline-color has-vivid-cyan-blue-color\"><a href=\"https:\/\/www.ainia.com\/\">AINIA<\/a> <\/mark>y Sigeneris.<\/p>\n\n\n\n<figure class=\"wp-block-image size-large is-resized\"><img fetchpriority=\"high\" decoding=\"async\" width=\"1024\" height=\"768\" src=\"https:\/\/asetaga.com\/wp-content\/uploads\/2025\/07\/WhatsApp-Image-2025-08-21-at-09.29.20-1-1024x768.jpeg\" alt=\"\" class=\"wp-image-8502\" style=\"width:647px;height:auto\" srcset=\"https:\/\/asetaga.com\/wp-content\/uploads\/2025\/07\/WhatsApp-Image-2025-08-21-at-09.29.20-1-1024x768.jpeg 1024w, https:\/\/asetaga.com\/wp-content\/uploads\/2025\/07\/WhatsApp-Image-2025-08-21-at-09.29.20-1-300x225.jpeg 300w, https:\/\/asetaga.com\/wp-content\/uploads\/2025\/07\/WhatsApp-Image-2025-08-21-at-09.29.20-1-768x576.jpeg 768w, https:\/\/asetaga.com\/wp-content\/uploads\/2025\/07\/WhatsApp-Image-2025-08-21-at-09.29.20-1-1536x1152.jpeg 1536w, https:\/\/asetaga.com\/wp-content\/uploads\/2025\/07\/WhatsApp-Image-2025-08-21-at-09.29.20-1-16x12.jpeg 16w, https:\/\/asetaga.com\/wp-content\/uploads\/2025\/07\/WhatsApp-Image-2025-08-21-at-09.29.20-1.jpeg 2048w\" sizes=\"(max-width: 1024px) 100vw, 1024px\" \/><\/figure>\n\n\n\n<p>Inscripciones sesiones presenciales (de 9h a 14h):<\/p>\n\n\n\n<ul class=\"wp-block-list\">\n<li><a href=\"https:\/\/forms.gle\/M29LDRCPSowDPixm6\"><strong><mark style=\"background-color:rgba(0, 0, 0, 0)\" class=\"has-inline-color has-vivid-cyan-blue-color\">19 de agosto en Madrid <\/mark><\/strong><\/a><\/li>\n\n\n\n<li><a href=\"https:\/\/forms.gle\/6aiWHmzEqXJxu96s6\"><strong><mark style=\"background-color:rgba(0, 0, 0, 0)\" class=\"has-inline-color has-vivid-cyan-blue-color\">20 de agosto en Alicante<\/mark><\/strong><\/a><\/li>\n\n\n\n<li><a href=\"https:\/\/forms.gle\/FVHKzrCjeFRaev48A\"><strong><mark style=\"background-color:rgba(0, 0, 0, 0)\" class=\"has-inline-color has-vivid-cyan-blue-color\">21 de agosto en Albacete<\/mark><\/strong><\/a><\/li>\n<\/ul>\n\n\n\n<p>Inscripciones sesiones online (ma\u00f1anas de 10h a 13h y tardes de 17h a 20h):<\/p>\n\n\n\n<ul class=\"wp-block-list\">\n<li><strong><a href=\"https:\/\/events.teams.microsoft.com\/event\/a7fb140e-026f-41dd-8ff4-59d1fe5c8e1b@cd17afef-4741-4304-88ab-0df2a6bfc44e\"><mark style=\"background-color:rgba(0, 0, 0, 0)\" class=\"has-inline-color has-vivid-cyan-blue-color\">18 de agosto, ma\u00f1ana<\/mark><\/a><\/strong><\/li>\n\n\n\n<li><strong><a href=\"https:\/\/events.teams.microsoft.com\/event\/a406df2e-9f8a-492d-b503-1e027ea55672@cd17afef-4741-4304-88ab-0df2a6bfc44e\"><mark style=\"background-color:rgba(0, 0, 0, 0)\" class=\"has-inline-color has-vivid-cyan-blue-color\">18 de agosto, tarde<\/mark><\/a><\/strong><\/li>\n\n\n\n<li><strong><a href=\"https:\/\/events.teams.microsoft.com\/event\/a90db125-265e-42f1-923e-6f4aa4b7d457@cd17afef-4741-4304-88ab-0df2a6bfc44e\"><mark style=\"background-color:rgba(0, 0, 0, 0)\" class=\"has-inline-color has-vivid-cyan-blue-color\">19 de agosto, tarde<\/mark><\/a><\/strong><\/li>\n\n\n\n<li><a href=\"https:\/\/events.teams.microsoft.com\/event\/32a9ae3c-3c63-4f72-92a0-f6f8616d7de9@cd17afef-4741-4304-88ab-0df2a6bfc44e\"><mark style=\"background-color:rgba(0, 0, 0, 0)\" class=\"has-inline-color has-vivid-cyan-blue-color\"><strong>21 de agosto, tarde<\/strong><\/mark><\/a><\/li>\n\n\n\n<li><a href=\"https:\/\/events.teams.microsoft.com\/event\/a6b84737-7f3f-4bcf-af5c-6498757d30fc@cd17afef-4741-4304-88ab-0df2a6bfc44e\"><mark style=\"background-color:rgba(0, 0, 0, 0)\" class=\"has-inline-color has-vivid-cyan-blue-color\"><strong>22 de agosto, ma\u00f1ana<\/strong><\/mark><\/a><\/li>\n<\/ul>\n\n\n\n<h3 class=\"wp-block-heading\"><strong><em>Nuevos modelos de negocio: Producci\u00f3n agroindustrial de insectos. Promoci\u00f3n de nuevas cadenas de valor basadas en la biodiversidad y la sostenibilidad en la alimentaci\u00f3n animal y humana<\/em><\/strong><\/h3>\n\n\n\n<p>En esta actividad <a href=\"https:\/\/www.proteinsecta.com\/\">Proteinsecta<\/a> y <a href=\"https:\/\/sigeneris.es\/\">Sigeneris<\/a> mostrar\u00e1n por qu\u00e9 la <strong>producci\u00f3n agroindustrial de insectos<\/strong> es una <strong>soluci\u00f3n innovadora y sostenible ante desaf\u00edos globales<\/strong>: se ver\u00e1n diferentes las tecnolog\u00edas de producci\u00f3n de insectos, modelos de negocio viables, oportunidades comerciales en mercados emergentes y normativas regulatorias, entre otros temas.<\/p>\n\n\n\n<p>Inscripciones sesiones presenciales (de 9h a 14h):<\/p>\n\n\n\n<ul class=\"wp-block-list\">\n<li><a href=\"https:\/\/forms.gle\/6bWSpj3DAYW58zB27\"><mark style=\"background-color:rgba(0, 0, 0, 0)\" class=\"has-inline-color has-vivid-cyan-blue-color\"><strong>25 de agosto en Madrid<\/strong><\/mark><\/a><\/li>\n\n\n\n<li><a href=\"https:\/\/forms.gle\/DHxe5dbsfTnkyi5X6\"><strong><mark style=\"background-color:rgba(0, 0, 0, 0)\" class=\"has-inline-color has-vivid-cyan-blue-color\">26 de agosto en Albacete<\/mark><\/strong><\/a><\/li>\n\n\n\n<li><a href=\"https:\/\/forms.gle\/6erz63eT7rEfVSV39\"><strong><mark style=\"background-color:rgba(0, 0, 0, 0)\" class=\"has-inline-color has-vivid-cyan-blue-color\">29 de agosto en Murcia<\/mark><\/strong><\/a><\/li>\n<\/ul>\n\n\n\n<p>Inscripciones sesiones online (ma\u00f1anas de 10h a 13h y tardes de 17h a 20h):<\/p>\n\n\n\n<ul class=\"wp-block-list\">\n<li><strong><a href=\"https:\/\/events.teams.microsoft.com\/event\/992af6d8-73f4-49c1-979a-000f7ed8eb89@cd17afef-4741-4304-88ab-0df2a6bfc44e\"><mark style=\"background-color:rgba(0, 0, 0, 0)\" class=\"has-inline-color has-vivid-cyan-blue-color\">13 de agosto, ma\u00f1ana<\/mark><\/a><\/strong><\/li>\n\n\n\n<li><strong><a href=\"https:\/\/events.teams.microsoft.com\/event\/22d5506c-9a76-4bb2-a8ad-056e794de0b8@cd17afef-4741-4304-88ab-0df2a6bfc44e\"><mark style=\"background-color:rgba(0, 0, 0, 0)\" class=\"has-inline-color has-vivid-cyan-blue-color\">13 de agosto tarde<\/mark><\/a><\/strong><\/li>\n\n\n\n<li><strong><a href=\"https:\/\/events.teams.microsoft.com\/event\/c12e442e-3bb4-4853-ac72-f0eff392d0ec@cd17afef-4741-4304-88ab-0df2a6bfc44e\"><mark style=\"background-color:rgba(0, 0, 0, 0)\" class=\"has-inline-color has-vivid-cyan-blue-color\">25 de agosto, ma\u00f1ana<\/mark><\/a><\/strong><\/li>\n\n\n\n<li><strong><a href=\"https:\/\/events.teams.microsoft.com\/event\/d4d0ed1c-aa5c-4d56-859d-7203fc94a148@cd17afef-4741-4304-88ab-0df2a6bfc44e\"><mark style=\"background-color:rgba(0, 0, 0, 0)\" class=\"has-inline-color has-vivid-cyan-blue-color\">25 de agosto, tarde<\/mark><\/a><\/strong><\/li>\n\n\n\n<li><strong><a href=\"https:\/\/events.teams.microsoft.com\/event\/3837a369-26c0-47b2-8dcf-f2efa5f027d8@cd17afef-4741-4304-88ab-0df2a6bfc44e\"><mark style=\"background-color:rgba(0, 0, 0, 0)\" class=\"has-inline-color has-vivid-cyan-blue-color\">28 de agosto, tarde<\/mark><\/a><\/strong><\/li>\n<\/ul>\n\n\n\n<h3 class=\"wp-block-heading\"><strong><em>Producci\u00f3n agroindustrial de insectos: innovaci\u00f3n en alimentaci\u00f3n y bioeconom\u00eda circular mediante transformaci\u00f3n de subproductos en fuentes de alimentaci\u00f3n sostenible<\/em><\/strong><\/h3>\n\n\n\n<p>En l\u00ednea a la actividad anterior, esta formaci\u00f3n tratar\u00e1 la <strong>producci\u00f3n agroindustrial de insectos<\/strong> como soluci\u00f3n innovadora y sostenible para la <strong>alimentaci\u00f3n y la bioeconom\u00eda<\/strong>. <a href=\"http:\/\/proteinsecta.com\"><mark style=\"background-color:rgba(0, 0, 0, 0)\" class=\"has-inline-color has-vivid-cyan-blue-color\">Proteinsecta<\/mark> <\/a>y <a href=\"http:\/\/sigeneris.es\"><mark style=\"background-color:rgba(0, 0, 0, 0)\" class=\"has-inline-color has-vivid-cyan-blue-color\">Sigeneris <\/mark><\/a>expondr\u00e1n t\u00e9cnicas para la transformaci\u00f3n de subproductos agroindustriales en fuentes de prote\u00edna alternativas mediante la cr\u00eda y producci\u00f3n de insectos, y sus beneficios ambientales y econ\u00f3micos<strong>.<\/strong><\/p>\n\n\n\n<p>Inscripciones sesiones presenciales (de 9h a 14h):<\/p>\n\n\n\n<ul class=\"wp-block-list\">\n<li><a href=\"https:\/\/forms.gle\/hPaKZwvSsT71pNDg7\"><strong><mark style=\"background-color:rgba(0, 0, 0, 0)\" class=\"has-inline-color has-vivid-cyan-blue-color\">26 de agosto en Murcia <\/mark><\/strong><\/a><\/li>\n\n\n\n<li><a href=\"https:\/\/docs.google.com\/forms\/d\/e\/1FAIpQLSckplH4pA_wCX_jFWN5JSbOjzcg5hLiIboLHgpmglMuLb198g\/viewform?usp=dialog\"><strong><mark style=\"background-color:rgba(0, 0, 0, 0)\" class=\"has-inline-color has-vivid-cyan-blue-color\">27 de agosto en Alicante<\/mark><\/strong><\/a><\/li>\n\n\n\n<li><a href=\"https:\/\/forms.gle\/rgsEERyd67SqdhdV9\"><strong><mark style=\"background-color:rgba(0, 0, 0, 0)\" class=\"has-inline-color has-vivid-cyan-blue-color\">29 de agosto en Albacete<\/mark><\/strong><\/a><\/li>\n<\/ul>\n\n\n\n<p>Inscripciones sesiones online (ma\u00f1anas de 10h a 13h y tardes de 17h a 20h):<\/p>\n\n\n\n<ul class=\"wp-block-list\">\n<li><a href=\"https:\/\/events.teams.microsoft.com\/event\/51e452b1-a50c-4f4c-8905-ec4c33688456@cd17afef-4741-4304-88ab-0df2a6bfc44e\"><mark style=\"background-color:rgba(0, 0, 0, 0)\" class=\"has-inline-color has-vivid-cyan-blue-color\"><strong>21 de julio, ma\u00f1ana<\/strong><\/mark><\/a><\/li>\n\n\n\n<li><a href=\"https:\/\/events.teams.microsoft.com\/event\/ab220a52-031d-45c6-96a9-c584fb5e1ae7@cd17afef-4741-4304-88ab-0df2a6bfc44e\"><mark style=\"background-color:rgba(0, 0, 0, 0)\" class=\"has-inline-color has-vivid-cyan-blue-color\"><strong>21 de julio, tarde<\/strong><\/mark><\/a><\/li>\n\n\n\n<li><a href=\"https:\/\/events.teams.microsoft.com\/event\/578cc534-2155-4582-83ea-905f7b0fb262@cd17afef-4741-4304-88ab-0df2a6bfc44e\"><strong><mark style=\"background-color:rgba(0, 0, 0, 0)\" class=\"has-inline-color has-vivid-cyan-blue-color\">22 de julio, tarde<\/mark><\/strong><\/a><\/li>\n\n\n\n<li><a href=\"https:\/\/events.teams.microsoft.com\/event\/b28e8fef-dcde-46d4-8b6c-9f7cceb01f05@cd17afef-4741-4304-88ab-0df2a6bfc44e\"><strong><mark style=\"background-color:rgba(0, 0, 0, 0)\" class=\"has-inline-color has-vivid-cyan-blue-color\">27 de agosto, ma\u00f1ana <\/mark><\/strong><\/a><\/li>\n\n\n\n<li><strong><a href=\"https:\/\/events.teams.microsoft.com\/event\/20121453-2f71-442a-b483-facf8be2e6e2@cd17afef-4741-4304-88ab-0df2a6bfc44e\"><mark style=\"background-color:rgba(0, 0, 0, 0)\" class=\"has-inline-color has-vivid-cyan-blue-color\">27 de agosto, tarde<\/mark><\/a><\/strong><\/li>\n\n\n\n<li><a href=\"https:\/\/events.teams.microsoft.com\/event\/b5363566-4f1a-4509-b0b5-adf1c4e8ab12@cd17afef-4741-4304-88ab-0df2a6bfc44e\"><strong><mark style=\"background-color:rgba(0, 0, 0, 0)\" class=\"has-inline-color has-vivid-cyan-blue-color\">29 de agosto, ma\u00f1ana<\/mark><\/strong><\/a><\/li>\n\n\n\n<li><strong><a href=\"https:\/\/events.teams.microsoft.com\/event\/ee1e4c1e-a529-410b-8d9d-dd452129bfe3@cd17afef-4741-4304-88ab-0df2a6bfc44e\"><mark style=\"background-color:rgba(0, 0, 0, 0)\" class=\"has-inline-color has-vivid-cyan-blue-color\">29 de agosto, tarde<\/mark><\/a><\/strong><\/li>\n<\/ul>\n\n\n\n<figure class=\"wp-block-image size-full\"><img decoding=\"async\" width=\"940\" height=\"348\" src=\"https:\/\/asetaga.com\/wp-content\/uploads\/2025\/07\/final-asetaga-13.png\" alt=\"\" class=\"wp-image-8469\" srcset=\"https:\/\/asetaga.com\/wp-content\/uploads\/2025\/07\/final-asetaga-13.png 940w, https:\/\/asetaga.com\/wp-content\/uploads\/2025\/07\/final-asetaga-13-300x111.png 300w, https:\/\/asetaga.com\/wp-content\/uploads\/2025\/07\/final-asetaga-13-768x284.png 768w, https:\/\/asetaga.com\/wp-content\/uploads\/2025\/07\/final-asetaga-13-18x7.png 18w\" sizes=\"(max-width: 940px) 100vw, 940px\" \/><\/figure>\n\n\n\n<h2 class=\"wp-block-heading\">Actividades demostrativas del Programa IIB<\/h2>\n\n\n\n<p>Durante julio y agosto realizaremos tres actividades formativas de este programa, con dos <strong>ediciones presenciales <\/strong>por cada una. A continuaci\u00f3n te detallamos toda la informaci\u00f3n sobre los talleres, horarios y fechas y los formularios para registrarte.<\/p>\n\n\n\n<h3 class=\"wp-block-heading\"><strong><em>Inteligencia Artificial en la ganader\u00eda, la industria y la agricultura<\/em><\/strong><\/h3>\n\n\n\n<p>Taller demostrativo impartido por Sigeneris sobre <strong>IA aplicada a la industria agroalimentaria<\/strong>: tiene el objetivo de ense\u00f1ar a los participantes c\u00f3mo utilizar la IA para optimizar procesos, aumentar productividad, mejorar la toma de decisiones y reducir costes operativos. <\/p>\n\n\n\n<p>Inscripciones sesiones presenciales (de 9h a 14h):<\/p>\n\n\n\n<ul class=\"wp-block-list\">\n<li><a href=\"https:\/\/forms.gle\/vmGjvSbBe4fHDxeP7\"><strong><mark style=\"background-color:rgba(0, 0, 0, 0)\" class=\"has-inline-color has-vivid-cyan-blue-color\">28 de agosto en Albacete<\/mark><\/strong><\/a><\/li>\n\n\n\n<li><a href=\"https:\/\/docs.google.com\/forms\/d\/e\/1FAIpQLSdUH4MPcooROWQF2Z6FckxpW13pWNNl-QxLNMd2OCDodWJVHQ\/viewform?usp=header\"><strong><mark style=\"background-color:rgba(0, 0, 0, 0)\" class=\"has-inline-color has-vivid-cyan-blue-color\">29 de agosto en Alicante<\/mark><\/strong><\/a><\/li>\n<\/ul>\n\n\n\n<p>Inscripciones online (tambi\u00e9n de 9h a 14h)<\/p>\n\n\n\n<ul class=\"wp-block-list\">\n<li><a href=\"https:\/\/events.teams.microsoft.com\/event\/603e06ff-5ebc-4101-a1a5-4b6cc78fae90@cd17afef-4741-4304-88ab-0df2a6bfc44e\"><strong><mark style=\"background-color:rgba(0, 0, 0, 0)\" class=\"has-inline-color has-vivid-cyan-blue-color\">28 de agosto<\/mark><\/strong><\/a><\/li>\n\n\n\n<li><a href=\"https:\/\/events.teams.microsoft.com\/event\/51337c46-df4e-4899-9f1d-e46872a98b86@cd17afef-4741-4304-88ab-0df2a6bfc44e\"><strong><mark style=\"background-color:rgba(0, 0, 0, 0)\" class=\"has-inline-color has-vivid-cyan-blue-color\">29 de agosto<\/mark><\/strong><\/a><\/li>\n<\/ul>\n\n\n\n<h3 class=\"wp-block-heading\"><strong><em>Turismo Agroindustrial. Una alternativa para la reactivaci\u00f3n de las zonas rurales<\/em><\/strong><\/h3>\n\n\n\n<p>Taller realizado por la empresa de turismo industrial <strong><em><a href=\"https:\/\/inturmancha.es\/\">Inturmancha<\/a> <\/em><\/strong>sobre la modalidad de <strong>turismo cultural <\/strong>enfocada a la industria viva, concretamente a la agroindustria y a la actividad agropecuaria.<\/p>\n\n\n\n<p>Inscripciones sesiones presenciales (de 9h a 14h):<\/p>\n\n\n\n<ul class=\"wp-block-list\">\n<li><strong><a href=\"https:\/\/forms.gle\/63wVqaX79taun65o7\"><mark style=\"background-color:rgba(0, 0, 0, 0)\" class=\"has-inline-color has-vivid-cyan-blue-color\">20 de agosto en Toledo (Finca \u00abLa Pontezuela\u00bb).<\/mark><\/a><\/strong><\/li>\n\n\n\n<li><a href=\"https:\/\/forms.gle\/gep6Ed5UpLHqK7eUA\"><strong><mark style=\"background-color:rgba(0, 0, 0, 0)\" class=\"has-inline-color has-vivid-cyan-blue-color\">26 de julio en Murcia (Museo Licor 43)<\/mark><\/strong><\/a><\/li>\n<\/ul>\n\n\n\n<h3 class=\"wp-block-heading\"><strong><em>Producci\u00f3n sostenible de prote\u00ednas alternativas a partir de insectos<\/em><\/strong><\/h3>\n\n\n\n<p>Proteinsecta, AINIA y Sigeneris participar\u00e1n en este taller sobre las<strong> t\u00e9cnicas y beneficios de utilizar insectos<\/strong> como fuente de prote\u00ednas sostenibles y de bajo impacto ambiental, comparando con fuentes proteicas convencionales.<\/p>\n\n\n\n<p>Inscripciones sesiones presenciales (de 9h a 14h):<\/p>\n\n\n\n<ul class=\"wp-block-list\">\n<li><strong><a href=\"https:\/\/events.teams.microsoft.com\/event\/6aa926b1-24f7-4134-9b99-503a8aa961ad@cd17afef-4741-4304-88ab-0df2a6bfc44e\"><mark style=\"background-color:rgba(0, 0, 0, 0)\" class=\"has-inline-color has-vivid-cyan-blue-color\">27 de agosto<\/mark><\/a><\/strong><\/li>\n\n\n\n<li><a href=\"https:\/\/forms.gle\/tecVzw1xu1ToRBzKA\"><strong><mark style=\"background-color:rgba(0, 0, 0, 0)\" class=\"has-inline-color has-vivid-cyan-blue-color\">28 de agosto en Valencia (Sede AINIA: Aula 1)<\/mark><\/strong><\/a><\/li>\n<\/ul>\n\n\n\n<p>Inscripciones online (tambi\u00e9n de 9h a 14h):<\/p>\n\n\n\n<ul class=\"wp-block-list\">\n<li><a href=\"https:\/\/events.teams.microsoft.com\/event\/6aa926b1-24f7-4134-9b99-503a8aa961ad@cd17afef-4741-4304-88ab-0df2a6bfc44e\"><strong><mark style=\"background-color:rgba(0, 0, 0, 0)\" class=\"has-inline-color has-vivid-cyan-blue-color\">27 de agosto (ma\u00f1ana)<\/mark><\/strong><\/a><\/li>\n\n\n\n<li><a href=\"https:\/\/events.teams.microsoft.com\/event\/9b7812b9-a8d8-42cd-88ac-3f7ad4216d70@cd17afef-4741-4304-88ab-0df2a6bfc44e\"><strong><mark style=\"background-color:rgba(0, 0, 0, 0)\" class=\"has-inline-color has-vivid-cyan-blue-color\">28 de agosto (ma\u00f1ana)<\/mark><\/strong><\/a><\/li>\n<\/ul>\n\n\n\n<figure class=\"wp-block-image size-full\"><img decoding=\"async\" width=\"940\" height=\"348\" src=\"https:\/\/asetaga.com\/wp-content\/uploads\/2025\/07\/final-asetaga-4.png\" alt=\"\" class=\"wp-image-8455\" srcset=\"https:\/\/asetaga.com\/wp-content\/uploads\/2025\/07\/final-asetaga-4.png 940w, https:\/\/asetaga.com\/wp-content\/uploads\/2025\/07\/final-asetaga-4-300x111.png 300w, https:\/\/asetaga.com\/wp-content\/uploads\/2025\/07\/final-asetaga-4-768x284.png 768w, https:\/\/asetaga.com\/wp-content\/uploads\/2025\/07\/final-asetaga-4-18x7.png 18w\" sizes=\"(max-width: 940px) 100vw, 940px\" \/><\/figure>\n\n\n\n<p>Para cualquier duda o problema con los formularios de inscripci\u00f3n a las jornadas y talleres puedes ponerte en contacto con nosotros a trav\u00e9s de email asetaga@asetaga.com o por tel\u00e9fono al 967 77 01 44.<\/p>\n\n\n\n<p><\/p>","protected":false},"excerpt":{"rendered":"<p>Como ya avanz\u00e1bamos en la entrada anterior, Asetaga est\u00e1 realizando dos programas de formaci\u00f3n (Programas IIA y IIB) y transmisi\u00f3n de conocimientos destinados a los profesionales de la industria agroalimentaria. Con estos programas queremos impulsar la innovaci\u00f3n y la sostenibilidad en el sector primario, adem\u00e1s de favorecer la colaboraci\u00f3n entre PYMES y otras entidades, y [&hellip;]<\/p>","protected":false},"author":2,"featured_media":8499,"comment_status":"closed","ping_status":"closed","sticky":false,"template":"","format":"standard","meta":{"_acf_changed":false,"footnotes":""},"categories":[10,11],"tags":[],"class_list":["post-8453","post","type-post","status-publish","format-standard","has-post-thumbnail","hentry","category-noticias","category-proyectos"],"acf":[],"yoast_head":"<!-- This site is optimized with the Yoast SEO plugin v26.4 - https:\/\/yoast.com\/wordpress\/plugins\/seo\/ -->\n<title>Ap\u00fantate a las actividades formativas de agosto - Asetaga<\/title>\n<meta name=\"description\" content=\"Descubre c\u00f3mo Asetaga impulsa el sector agroalimentario mediante actividades formativas para los profesionales de la industria.\" \/>\n<meta name=\"robots\" content=\"index, follow, max-snippet:-1, max-image-preview:large, max-video-preview:-1\" \/>\n<link rel=\"canonical\" href=\"https:\/\/asetaga.com\/en\/2025\/07\/07\/actividades-formativas-agosto\/\" \/>\n<meta property=\"og:locale\" content=\"en_US\" \/>\n<meta property=\"og:type\" content=\"article\" \/>\n<meta property=\"og:title\" content=\"Ap\u00fantate a las actividades formativas de agosto - Asetaga\" \/>\n<meta property=\"og:description\" content=\"Descubre c\u00f3mo Asetaga impulsa el sector agroalimentario mediante actividades formativas para los profesionales de la industria.\" \/>\n<meta property=\"og:url\" content=\"https:\/\/asetaga.com\/en\/2025\/07\/07\/actividades-formativas-agosto\/\" \/>\n<meta property=\"og:site_name\" content=\"Asetaga\" \/>\n<meta property=\"article:publisher\" content=\"https:\/\/www.facebook.com\/profile.php?id=61567276178846\" \/>\n<meta property=\"article:published_time\" content=\"2025-07-07T07:36:37+00:00\" \/>\n<meta property=\"article:modified_time\" content=\"2025-08-27T11:21:34+00:00\" \/>\n<meta property=\"og:image\" content=\"https:\/\/asetaga.com\/wp-content\/uploads\/2025\/07\/WhatsApp-Image-2025-08-21-at-12.54.30.jpeg\" \/>\n\t<meta property=\"og:image:width\" content=\"2048\" \/>\n\t<meta property=\"og:image:height\" content=\"1536\" \/>\n\t<meta property=\"og:image:type\" content=\"image\/jpeg\" \/>\n<meta name=\"author\" content=\"asetaga\" \/>\n<meta name=\"twitter:card\" content=\"summary_large_image\" \/>\n<meta name=\"twitter:label1\" content=\"Written by\" \/>\n\t<meta name=\"twitter:data1\" content=\"asetaga\" \/>\n\t<meta name=\"twitter:label2\" content=\"Est. reading time\" \/>\n\t<meta name=\"twitter:data2\" content=\"5 minutes\" \/>\n<script type=\"application\/ld+json\" class=\"yoast-schema-graph\">{\"@context\":\"https:\/\/schema.org\",\"@graph\":[{\"@type\":\"Article\",\"@id\":\"https:\/\/asetaga.com\/2025\/07\/07\/actividades-formativas-agosto\/#article\",\"isPartOf\":{\"@id\":\"https:\/\/asetaga.com\/2025\/07\/07\/actividades-formativas-agosto\/\"},\"author\":{\"name\":\"asetaga\",\"@id\":\"https:\/\/asetaga.com\/#\/schema\/person\/8a00da1f6390c9cc0102fd9aa6071503\"},\"headline\":\"Ap\u00fantate a las actividades formativas de agosto\",\"datePublished\":\"2025-07-07T07:36:37+00:00\",\"dateModified\":\"2025-08-27T11:21:34+00:00\",\"mainEntityOfPage\":{\"@id\":\"https:\/\/asetaga.com\/2025\/07\/07\/actividades-formativas-agosto\/\"},\"wordCount\":879,\"publisher\":{\"@id\":\"https:\/\/asetaga.com\/#organization\"},\"image\":{\"@id\":\"https:\/\/asetaga.com\/2025\/07\/07\/actividades-formativas-agosto\/#primaryimage\"},\"thumbnailUrl\":\"https:\/\/asetaga.com\/wp-content\/uploads\/2025\/07\/WhatsApp-Image-2025-08-21-at-12.54.30.jpeg\",\"articleSection\":[\"Noticias\",\"Proyectos\"],\"inLanguage\":\"en-US\"},{\"@type\":\"WebPage\",\"@id\":\"https:\/\/asetaga.com\/2025\/07\/07\/actividades-formativas-agosto\/\",\"url\":\"https:\/\/asetaga.com\/2025\/07\/07\/actividades-formativas-agosto\/\",\"name\":\"Ap\u00fantate a las actividades formativas de agosto - Asetaga\",\"isPartOf\":{\"@id\":\"https:\/\/asetaga.com\/#website\"},\"primaryImageOfPage\":{\"@id\":\"https:\/\/asetaga.com\/2025\/07\/07\/actividades-formativas-agosto\/#primaryimage\"},\"image\":{\"@id\":\"https:\/\/asetaga.com\/2025\/07\/07\/actividades-formativas-agosto\/#primaryimage\"},\"thumbnailUrl\":\"https:\/\/asetaga.com\/wp-content\/uploads\/2025\/07\/WhatsApp-Image-2025-08-21-at-12.54.30.jpeg\",\"datePublished\":\"2025-07-07T07:36:37+00:00\",\"dateModified\":\"2025-08-27T11:21:34+00:00\",\"description\":\"Descubre c\u00f3mo Asetaga impulsa el sector agroalimentario mediante actividades formativas para los profesionales de la industria.\",\"breadcrumb\":{\"@id\":\"https:\/\/asetaga.com\/2025\/07\/07\/actividades-formativas-agosto\/#breadcrumb\"},\"inLanguage\":\"en-US\",\"potentialAction\":[{\"@type\":\"ReadAction\",\"target\":[\"https:\/\/asetaga.com\/2025\/07\/07\/actividades-formativas-agosto\/\"]}]},{\"@type\":\"ImageObject\",\"inLanguage\":\"en-US\",\"@id\":\"https:\/\/asetaga.com\/2025\/07\/07\/actividades-formativas-agosto\/#primaryimage\",\"url\":\"https:\/\/asetaga.com\/wp-content\/uploads\/2025\/07\/WhatsApp-Image-2025-08-21-at-12.54.30.jpeg\",\"contentUrl\":\"https:\/\/asetaga.com\/wp-content\/uploads\/2025\/07\/WhatsApp-Image-2025-08-21-at-12.54.30.jpeg\",\"width\":2048,\"height\":1536},{\"@type\":\"BreadcrumbList\",\"@id\":\"https:\/\/asetaga.com\/2025\/07\/07\/actividades-formativas-agosto\/#breadcrumb\",\"itemListElement\":[{\"@type\":\"ListItem\",\"position\":1,\"name\":\"Inicio\",\"item\":\"https:\/\/asetaga.com\/\"},{\"@type\":\"ListItem\",\"position\":2,\"name\":\"Ap\u00fantate a las actividades formativas de agosto\"}]},{\"@type\":\"WebSite\",\"@id\":\"https:\/\/asetaga.com\/#website\",\"url\":\"https:\/\/asetaga.com\/\",\"name\":\"Asetaga\",\"description\":\"Asociaci\u00f3n Espa\u00f1ola para la Transferencia T\u00e9cnica, Tecnol\u00f3gica y Organizativa en la Agricultura y la Ganader\u00eda\",\"publisher\":{\"@id\":\"https:\/\/asetaga.com\/#organization\"},\"alternateName\":\"Asetaga\",\"potentialAction\":[{\"@type\":\"SearchAction\",\"target\":{\"@type\":\"EntryPoint\",\"urlTemplate\":\"https:\/\/asetaga.com\/?s={search_term_string}\"},\"query-input\":{\"@type\":\"PropertyValueSpecification\",\"valueRequired\":true,\"valueName\":\"search_term_string\"}}],\"inLanguage\":\"en-US\"},{\"@type\":\"Organization\",\"@id\":\"https:\/\/asetaga.com\/#organization\",\"name\":\"Asetaga\",\"alternateName\":\"Asetaga\",\"url\":\"https:\/\/asetaga.com\/\",\"logo\":{\"@type\":\"ImageObject\",\"inLanguage\":\"en-US\",\"@id\":\"https:\/\/asetaga.com\/#\/schema\/logo\/image\/\",\"url\":\"https:\/\/asetaga.com\/wp-content\/uploads\/2024\/10\/Asetaga-logo.png\",\"contentUrl\":\"https:\/\/asetaga.com\/wp-content\/uploads\/2024\/10\/Asetaga-logo.png\",\"width\":500,\"height\":104,\"caption\":\"Asetaga\"},\"image\":{\"@id\":\"https:\/\/asetaga.com\/#\/schema\/logo\/image\/\"},\"sameAs\":[\"https:\/\/www.facebook.com\/profile.php?id=61567276178846\",\"https:\/\/www.instagram.com\/asetaga_oficial\/\"]},{\"@type\":\"Person\",\"@id\":\"https:\/\/asetaga.com\/#\/schema\/person\/8a00da1f6390c9cc0102fd9aa6071503\",\"name\":\"asetaga\",\"url\":\"https:\/\/asetaga.com\/en\/author\/asetaga\/\"}]}<\/script>\n<!-- \/ Yoast SEO plugin. -->","yoast_head_json":{"title":"Ap\u00fantate a las actividades formativas de agosto - Asetaga","description":"Descubre c\u00f3mo Asetaga impulsa el sector agroalimentario mediante actividades formativas para los profesionales de la industria.","robots":{"index":"index","follow":"follow","max-snippet":"max-snippet:-1","max-image-preview":"max-image-preview:large","max-video-preview":"max-video-preview:-1"},"canonical":"https:\/\/asetaga.com\/en\/2025\/07\/07\/actividades-formativas-agosto\/","og_locale":"en_US","og_type":"article","og_title":"Ap\u00fantate a las actividades formativas de agosto - Asetaga","og_description":"Descubre c\u00f3mo Asetaga impulsa el sector agroalimentario mediante actividades formativas para los profesionales de la industria.","og_url":"https:\/\/asetaga.com\/en\/2025\/07\/07\/actividades-formativas-agosto\/","og_site_name":"Asetaga","article_publisher":"https:\/\/www.facebook.com\/profile.php?id=61567276178846","article_published_time":"2025-07-07T07:36:37+00:00","article_modified_time":"2025-08-27T11:21:34+00:00","og_image":[{"width":2048,"height":1536,"url":"https:\/\/asetaga.com\/wp-content\/uploads\/2025\/07\/WhatsApp-Image-2025-08-21-at-12.54.30.jpeg","type":"image\/jpeg"}],"author":"asetaga","twitter_card":"summary_large_image","twitter_misc":{"Written by":"asetaga","Est. reading time":"5 minutes"},"schema":{"@context":"https:\/\/schema.org","@graph":[{"@type":"Article","@id":"https:\/\/asetaga.com\/2025\/07\/07\/actividades-formativas-agosto\/#article","isPartOf":{"@id":"https:\/\/asetaga.com\/2025\/07\/07\/actividades-formativas-agosto\/"},"author":{"name":"asetaga","@id":"https:\/\/asetaga.com\/#\/schema\/person\/8a00da1f6390c9cc0102fd9aa6071503"},"headline":"Ap\u00fantate a las actividades formativas de agosto","datePublished":"2025-07-07T07:36:37+00:00","dateModified":"2025-08-27T11:21:34+00:00","mainEntityOfPage":{"@id":"https:\/\/asetaga.com\/2025\/07\/07\/actividades-formativas-agosto\/"},"wordCount":879,"publisher":{"@id":"https:\/\/asetaga.com\/#organization"},"image":{"@id":"https:\/\/asetaga.com\/2025\/07\/07\/actividades-formativas-agosto\/#primaryimage"},"thumbnailUrl":"https:\/\/asetaga.com\/wp-content\/uploads\/2025\/07\/WhatsApp-Image-2025-08-21-at-12.54.30.jpeg","articleSection":["Noticias","Proyectos"],"inLanguage":"en-US"},{"@type":"WebPage","@id":"https:\/\/asetaga.com\/2025\/07\/07\/actividades-formativas-agosto\/","url":"https:\/\/asetaga.com\/2025\/07\/07\/actividades-formativas-agosto\/","name":"Ap\u00fantate a las actividades formativas de agosto - Asetaga","isPartOf":{"@id":"https:\/\/asetaga.com\/#website"},"primaryImageOfPage":{"@id":"https:\/\/asetaga.com\/2025\/07\/07\/actividades-formativas-agosto\/#primaryimage"},"image":{"@id":"https:\/\/asetaga.com\/2025\/07\/07\/actividades-formativas-agosto\/#primaryimage"},"thumbnailUrl":"https:\/\/asetaga.com\/wp-content\/uploads\/2025\/07\/WhatsApp-Image-2025-08-21-at-12.54.30.jpeg","datePublished":"2025-07-07T07:36:37+00:00","dateModified":"2025-08-27T11:21:34+00:00","description":"Descubre c\u00f3mo Asetaga impulsa el sector agroalimentario mediante actividades formativas para los profesionales de la industria.","breadcrumb":{"@id":"https:\/\/asetaga.com\/2025\/07\/07\/actividades-formativas-agosto\/#breadcrumb"},"inLanguage":"en-US","potentialAction":[{"@type":"ReadAction","target":["https:\/\/asetaga.com\/2025\/07\/07\/actividades-formativas-agosto\/"]}]},{"@type":"ImageObject","inLanguage":"en-US","@id":"https:\/\/asetaga.com\/2025\/07\/07\/actividades-formativas-agosto\/#primaryimage","url":"https:\/\/asetaga.com\/wp-content\/uploads\/2025\/07\/WhatsApp-Image-2025-08-21-at-12.54.30.jpeg","contentUrl":"https:\/\/asetaga.com\/wp-content\/uploads\/2025\/07\/WhatsApp-Image-2025-08-21-at-12.54.30.jpeg","width":2048,"height":1536},{"@type":"BreadcrumbList","@id":"https:\/\/asetaga.com\/2025\/07\/07\/actividades-formativas-agosto\/#breadcrumb","itemListElement":[{"@type":"ListItem","position":1,"name":"Inicio","item":"https:\/\/asetaga.com\/"},{"@type":"ListItem","position":2,"name":"Ap\u00fantate a las actividades formativas de agosto"}]},{"@type":"WebSite","@id":"https:\/\/asetaga.com\/#website","url":"https:\/\/asetaga.com\/","name":"Asetaga","description":"Asociaci\u00f3n Espa\u00f1ola para la Transferencia T\u00e9cnica, Tecnol\u00f3gica y Organizativa en la Agricultura y la Ganader\u00eda","publisher":{"@id":"https:\/\/asetaga.com\/#organization"},"alternateName":"Asetaga","potentialAction":[{"@type":"SearchAction","target":{"@type":"EntryPoint","urlTemplate":"https:\/\/asetaga.com\/?s={search_term_string}"},"query-input":{"@type":"PropertyValueSpecification","valueRequired":true,"valueName":"search_term_string"}}],"inLanguage":"en-US"},{"@type":"Organization","@id":"https:\/\/asetaga.com\/#organization","name":"Asetaga","alternateName":"Asetaga","url":"https:\/\/asetaga.com\/","logo":{"@type":"ImageObject","inLanguage":"en-US","@id":"https:\/\/asetaga.com\/#\/schema\/logo\/image\/","url":"https:\/\/asetaga.com\/wp-content\/uploads\/2024\/10\/Asetaga-logo.png","contentUrl":"https:\/\/asetaga.com\/wp-content\/uploads\/2024\/10\/Asetaga-logo.png","width":500,"height":104,"caption":"Asetaga"},"image":{"@id":"https:\/\/asetaga.com\/#\/schema\/logo\/image\/"},"sameAs":["https:\/\/www.facebook.com\/profile.php?id=61567276178846","https:\/\/www.instagram.com\/asetaga_oficial\/"]},{"@type":"Person","@id":"https:\/\/asetaga.com\/#\/schema\/person\/8a00da1f6390c9cc0102fd9aa6071503","name":"asetaga","url":"https:\/\/asetaga.com\/en\/author\/asetaga\/"}]}},"_links":{"self":[{"href":"https:\/\/asetaga.com\/en\/wp-json\/wp\/v2\/posts\/8453","targetHints":{"allow":["GET"]}}],"collection":[{"href":"https:\/\/asetaga.com\/en\/wp-json\/wp\/v2\/posts"}],"about":[{"href":"https:\/\/asetaga.com\/en\/wp-json\/wp\/v2\/types\/post"}],"author":[{"embeddable":true,"href":"https:\/\/asetaga.com\/en\/wp-json\/wp\/v2\/users\/2"}],"replies":[{"embeddable":true,"href":"https:\/\/asetaga.com\/en\/wp-json\/wp\/v2\/comments?post=8453"}],"version-history":[{"count":25,"href":"https:\/\/asetaga.com\/en\/wp-json\/wp\/v2\/posts\/8453\/revisions"}],"predecessor-version":[{"id":8506,"href":"https:\/\/asetaga.com\/en\/wp-json\/wp\/v2\/posts\/8453\/revisions\/8506"}],"wp:featuredmedia":[{"embeddable":true,"href":"https:\/\/asetaga.com\/en\/wp-json\/wp\/v2\/media\/8499"}],"wp:attachment":[{"href":"https:\/\/asetaga.com\/en\/wp-json\/wp\/v2\/media?parent=8453"}],"wp:term":[{"taxonomy":"category","embeddable":true,"href":"https:\/\/asetaga.com\/en\/wp-json\/wp\/v2\/categories?post=8453"},{"taxonomy":"post_tag","embeddable":true,"href":"https:\/\/asetaga.com\/en\/wp-json\/wp\/v2\/tags?post=8453"}],"curies":[{"name":"wp","href":"https:\/\/api.w.org\/{rel}","templated":true}]}}